{"id":666,"date":"2013-07-13T13:57:26","date_gmt":"2013-07-13T13:57:26","guid":{"rendered":"https:\/\/eyjaogmikla.is\/wp\/2013\/07\/13\/borg\/"},"modified":"2024-07-03T09:42:46","modified_gmt":"2024-07-03T09:42:46","slug":"borg","status":"publish","type":"post","link":"https:\/\/eyjaogmikla.is\/wp\/2013\/07\/13\/borg\/","title":{"rendered":"Borg"},"content":{"rendered":"<p><img fetchpriority=\"high\" decoding=\"async\" class=\"alignnone size-medium wp-image-880\" src=\"https:\/\/eyjaogmikla.is\/wp\/wp-content\/uploads\/2013\/07\/Borg-300x248.jpg\" alt=\"\" width=\"300\" height=\"248\" srcset=\"https:\/\/eyjaogmikla.is\/wp\/wp-content\/uploads\/2013\/07\/Borg-300x248.jpg 300w, https:\/\/eyjaogmikla.is\/wp\/wp-content\/uploads\/2013\/07\/Borg.jpg 600w\" sizes=\"(max-width: 300px) 100vw, 300px\" \/><\/p>\n<p>Landi\u00f0 liggur milli \u00e1nna F\u00e1skr\u00fa\u00f0ar a\u00f0 vestan og Kleif\u00e1r a\u00f0 austan, en nor\u00f0an F\u00e1skr\u00fa\u00f0arbakka. Landi\u00f0 er st\u00f3rt, undirlendi\u00f0 a\u00f0 mestu m\u00fdrlendi, erfitt \u00ed r\u00e6ktun.<\/p>\n<p>Fjalllendi n\u00e6r til Lj\u00f3sufjalla og er Seljadalur og hl\u00ed\u00f0in sem til vesturs sn\u00fdr vel gr\u00f3in og gott sumarland fyrr f\u00e9.<\/p>\n<p><strong>\u00c1b\u00faendur<\/strong><\/p>\n<p>Eigandi \u00d3lafur \u00d3lafsson<\/p>\n<p><strong>Heimildir<\/strong><\/p>\n<p>Bygg\u00f0ir Sn\u00e6fellsness 1977 bls 300<\/p>\n<p>Loftmynd\u00a0<a href=\"\\&quot;index.php?option=com_weblinks&amp;view=weblink&amp;id=1:mats&amp;catid=6:uncategorised&amp;Itemid=101&amp;task=weblink.go\\&quot;\">Mats.is<\/a><\/p>\n","protected":false},"excerpt":{"rendered":"<p>Landi\u00f0 liggur milli \u00e1nna F\u00e1skr\u00fa\u00f0ar a\u00f0 vestan og Kleif\u00e1r a\u00f0 austan, en nor\u00f0an F\u00e1skr\u00fa\u00f0arbakka. Landi\u00f0 er st\u00f3rt, undirlendi\u00f0 a\u00f0 mestu m\u00fdrlendi, erfitt \u00ed r\u00e6ktun. Fjalllendi n\u00e6r til Lj\u00f3sufjalla og er Seljadalur og hl\u00ed\u00f0in sem til vesturs sn\u00fdr vel gr\u00f3in og gott sumarland fyrr f\u00e9. \u00c1b\u00faendur Eigandi \u00d3lafur \u00d3lafsson Heimildir Bygg\u00f0ir Sn\u00e6fellsness 1977 bls 300 Loftmynd\u00a0Mats.is<\/p>\n","protected":false},"author":1,"featured_media":0,"comment_status":"open","ping_status":"open","sticky":false,"template":"","format":"standard","meta":{"footnotes":""},"categories":[18],"tags":[],"class_list":["post-666","post","type-post","status-publish","format-standard","hentry","category-baeir"],"_links":{"self":[{"href":"https:\/\/eyjaogmikla.is\/wp\/wp-json\/wp\/v2\/posts\/666","targetHints":{"allow":["GET"]}}],"collection":[{"href":"https:\/\/eyjaogmikla.is\/wp\/wp-json\/wp\/v2\/posts"}],"about":[{"href":"https:\/\/eyjaogmikla.is\/wp\/wp-json\/wp\/v2\/types\/post"}],"author":[{"embeddable":true,"href":"https:\/\/eyjaogmikla.is\/wp\/wp-json\/wp\/v2\/users\/1"}],"replies":[{"embeddable":true,"href":"https:\/\/eyjaogmikla.is\/wp\/wp-json\/wp\/v2\/comments?post=666"}],"version-history":[{"count":1,"href":"https:\/\/eyjaogmikla.is\/wp\/wp-json\/wp\/v2\/posts\/666\/revisions"}],"predecessor-version":[{"id":1328,"href":"https:\/\/eyjaogmikla.is\/wp\/wp-json\/wp\/v2\/posts\/666\/revisions\/1328"}],"wp:attachment":[{"href":"https:\/\/eyjaogmikla.is\/wp\/wp-json\/wp\/v2\/media?parent=666"}],"wp:term":[{"taxonomy":"category","embeddable":true,"href":"https:\/\/eyjaogmikla.is\/wp\/wp-json\/wp\/v2\/categories?post=666"},{"taxonomy":"post_tag","embeddable":true,"href":"https:\/\/eyjaogmikla.is\/wp\/wp-json\/wp\/v2\/tags?post=666"}],"curies":[{"name":"wp","href":"https:\/\/api.w.org\/{rel}","templated":true}]}}