{"id":821,"date":"2013-07-14T14:13:27","date_gmt":"2013-07-14T14:13:27","guid":{"rendered":"https:\/\/eyjaogmikla.is\/wp\/2013\/07\/14\/dalsmynni\/"},"modified":"2024-07-03T09:42:47","modified_gmt":"2024-07-03T09:42:47","slug":"dalsmynni","status":"publish","type":"post","link":"https:\/\/eyjaogmikla.is\/wp\/2013\/07\/14\/dalsmynni\/","title":{"rendered":"Dalsmynni"},"content":{"rendered":"<div>\n<div>\n<div>\n<p><img fetchpriority=\"high\" decoding=\"async\" class=\"alignnone size-medium wp-image-884\" src=\"https:\/\/eyjaogmikla.is\/wp\/wp-content\/uploads\/2013\/07\/Dalsmynni-300x242.jpg\" alt=\"\" width=\"300\" height=\"242\" srcset=\"https:\/\/eyjaogmikla.is\/wp\/wp-content\/uploads\/2013\/07\/Dalsmynni-300x242.jpg 300w, https:\/\/eyjaogmikla.is\/wp\/wp-content\/uploads\/2013\/07\/Dalsmynni.jpg 600w\" sizes=\"(max-width: 300px) 100vw, 300px\" \/><\/p>\n<p>\u00cd Dalsmynni er rekinn blanda\u00f0ur b\u00faskapur me\u00f0 a\u00f0al\u00e1herslu \u00e1 mj\u00f3lkurframlei\u00f0slu. B\u00farekstrarformi\u00f0 er sameignaf\u00e9lag en a\u00f0 \u00fev\u00ed standa Halla, Svanur, Atli og Gu\u00f0n\u00fd. Dalsmynni sf. heldur \u00fati \u00f6flugri heimas\u00ed\u00f0u \u00fear sem fj\u00f6lmargt kemur fram um f\u00f3lk, f\u00e9na\u00f0 og b\u00farekstur.<\/p>\n<p><a href=\"http:\/\/dalsmynni.123.is\/\" target=\"_blank\" rel=\"noopener noreferrer\">Heimas\u00ed\u00f0a Dalsmynnis<\/a><\/p>\n<p>Heimildir: Loftmynd\u00a0<a href=\"http:\/\/www.mats.is\/fotoweb\/\" target=\"_blank\" rel=\"noopener noreferrer\">Mats.is<\/a><\/p>\n<p>\u00c1b\u00faendur:<\/p>\n<\/div>\n<\/div>\n<\/div>\n<div>\n<p>Svanur Gu\u00f0mundsson og Halla Gu\u00f0mundsd\u00f3ttir.<\/p>\n<div>\n<div>\n<p>Atli Sveinn Svansson, Gu\u00f0n\u00fd Lind G\u00edslad\u00f3ttir, Aron S\u00f6lvi Atlason og Hrafnd\u00eds Vi\u00f0ja Atlad\u00f3ttir<\/p>\n<\/div>\n<\/div>\n<\/div>\n","protected":false},"excerpt":{"rendered":"<p>\u00cd Dalsmynni er rekinn blanda\u00f0ur b\u00faskapur me\u00f0 a\u00f0al\u00e1herslu \u00e1 mj\u00f3lkurframlei\u00f0slu. B\u00farekstrarformi\u00f0 er sameignaf\u00e9lag en a\u00f0 \u00fev\u00ed standa Halla, Svanur, Atli og Gu\u00f0n\u00fd. Dalsmynni sf. heldur \u00fati \u00f6flugri heimas\u00ed\u00f0u \u00fear sem fj\u00f6lmargt kemur fram um f\u00f3lk, f\u00e9na\u00f0 og b\u00farekstur. Heimas\u00ed\u00f0a Dalsmynnis Heimildir: Loftmynd\u00a0Mats.is \u00c1b\u00faendur: Svanur Gu\u00f0mundsson og Halla Gu\u00f0mundsd\u00f3ttir. Atli Sveinn Svansson, Gu\u00f0n\u00fd Lind G\u00edslad\u00f3ttir, Aron [&hellip;]<\/p>\n","protected":false},"author":1,"featured_media":0,"comment_status":"open","ping_status":"open","sticky":false,"template":"","format":"standard","meta":{"footnotes":""},"categories":[18],"tags":[],"class_list":["post-821","post","type-post","status-publish","format-standard","hentry","category-baeir"],"_links":{"self":[{"href":"https:\/\/eyjaogmikla.is\/wp\/wp-json\/wp\/v2\/posts\/821","targetHints":{"allow":["GET"]}}],"collection":[{"href":"https:\/\/eyjaogmikla.is\/wp\/wp-json\/wp\/v2\/posts"}],"about":[{"href":"https:\/\/eyjaogmikla.is\/wp\/wp-json\/wp\/v2\/types\/post"}],"author":[{"embeddable":true,"href":"https:\/\/eyjaogmikla.is\/wp\/wp-json\/wp\/v2\/users\/1"}],"replies":[{"embeddable":true,"href":"https:\/\/eyjaogmikla.is\/wp\/wp-json\/wp\/v2\/comments?post=821"}],"version-history":[{"count":2,"href":"https:\/\/eyjaogmikla.is\/wp\/wp-json\/wp\/v2\/posts\/821\/revisions"}],"predecessor-version":[{"id":1333,"href":"https:\/\/eyjaogmikla.is\/wp\/wp-json\/wp\/v2\/posts\/821\/revisions\/1333"}],"wp:attachment":[{"href":"https:\/\/eyjaogmikla.is\/wp\/wp-json\/wp\/v2\/media?parent=821"}],"wp:term":[{"taxonomy":"category","embeddable":true,"href":"https:\/\/eyjaogmikla.is\/wp\/wp-json\/wp\/v2\/categories?post=821"},{"taxonomy":"post_tag","embeddable":true,"href":"https:\/\/eyjaogmikla.is\/wp\/wp-json\/wp\/v2\/tags?post=821"}],"curies":[{"name":"wp","href":"https:\/\/api.w.org\/{rel}","templated":true}]}}